{"id":742,"date":"2026-01-15T16:40:05","date_gmt":"2026-01-15T16:40:05","guid":{"rendered":"https:\/\/ov-f32.de\/?p=742"},"modified":"2026-03-12T22:55:43","modified_gmt":"2026-03-12T22:55:43","slug":"55-jahre-ov-f32-hersfeld-rotenburg","status":"publish","type":"post","link":"https:\/\/ov-f32.de\/?p=742","title":{"rendered":"60 Jahre OV-F32 &#8211; Hersfeld-Rotenburg"},"content":{"rendered":"<div class=\"wp-block-image\">\n<figure class=\"aligncenter size-full is-resized\"><img loading=\"lazy\" decoding=\"async\" width=\"1654\" height=\"1063\" src=\"https:\/\/ov-f32.de\/wp-content\/uploads\/2026\/02\/QSL-Karte-60F32-Vorderseite_90x140.jpg\" alt=\"\" class=\"wp-image-2236\" style=\"width:325px;height:auto\" srcset=\"https:\/\/ov-f32.de\/wp-content\/uploads\/2026\/02\/QSL-Karte-60F32-Vorderseite_90x140.jpg 1654w, https:\/\/ov-f32.de\/wp-content\/uploads\/2026\/02\/QSL-Karte-60F32-Vorderseite_90x140-300x193.jpg 300w, https:\/\/ov-f32.de\/wp-content\/uploads\/2026\/02\/QSL-Karte-60F32-Vorderseite_90x140-1024x658.jpg 1024w, https:\/\/ov-f32.de\/wp-content\/uploads\/2026\/02\/QSL-Karte-60F32-Vorderseite_90x140-768x494.jpg 768w, https:\/\/ov-f32.de\/wp-content\/uploads\/2026\/02\/QSL-Karte-60F32-Vorderseite_90x140-1536x987.jpg 1536w\" sizes=\"auto, (max-width: 1654px) 100vw, 1654px\" \/><figcaption class=\"wp-element-caption\">QSL-Karte Sonder-DOK &#8222;60 F 32&#8220;<\/figcaption><\/figure>\n<\/div>\n\n\n<p>Am 5. M\u00e4rz 2026 wird der OV-F32 &#8211; &#8222;60 Jahre alt&#8220;. Zu diesem Jubil\u00e4um gibt der DARC ein Sonder-DOK &#8222;60 F 32 &#8220; aus. Verbindungen im Zeitraum 1.Jan.2026 bis 31.Dez.2026 werden mit einer QSL-Karte (Entwurf oben) best\u00e4tigt. <br>Info: Am 5. M\u00e4rz 1966 wurde der jetzige Ortsverband F 32 unter dem Namen \u201eBad Hersfeld\u201c mit dem DOK F32 gegr\u00fcndet. Zu den &#8222;runden&#8220; Jubil\u00e4en (10-Jahresrythmus) hat der OV F32 jeweils eine gesonderte Feier veranstaltet. Der 50-j\u00e4hrige Jubil\u00e4um fand 2016 in der Klostersch\u00e4nke des Kloster Cornberg statt. *Auf der JHV am 13.M\u00e4rz 2025 wurde der Beschluss gefa\u00dft, auch das <strong>60-j\u00e4hrige Jubil\u00e4um im Jahr 2026<\/strong> festlich zu &#8222;begehen&#8220;. Als angedachter Termin ist der 16.Mai 2026 in Vorbereitung.<\/p>\n\n\n\n<p>(Fortsetzung folgt)<\/p>\n\n\n\n<p><\/p>\n","protected":false},"excerpt":{"rendered":"<p>Am 5. M\u00e4rz 2026 wird der OV-F32 &#8211; &#8222;60 Jahre alt&#8220;. Zu diesem Jubil\u00e4um gibt der DARC ein Sonder-DOK &#8222;60 F 32 &#8220; aus. Verbindungen im Zeitraum 1.Jan.2026 bis 31.Dez.2026 werden mit einer QSL-Karte (Entwurf oben) best\u00e4tigt. Info: Am 5. &hellip; <a href=\"https:\/\/ov-f32.de\/?p=742\">Weiterlesen <span class=\"meta-nav\">&rarr;<\/span><\/a><\/p>\n","protected":false},"author":1,"featured_media":0,"comment_status":"open","ping_status":"open","sticky":false,"template":"","format":"standard","meta":{"iawp_total_views":139,"footnotes":""},"categories":[1],"tags":[],"class_list":["post-742","post","type-post","status-publish","format-standard","hentry","category-uncategorized"],"_links":{"self":[{"href":"https:\/\/ov-f32.de\/index.php?rest_route=\/wp\/v2\/posts\/742","targetHints":{"allow":["GET"]}}],"collection":[{"href":"https:\/\/ov-f32.de\/index.php?rest_route=\/wp\/v2\/posts"}],"about":[{"href":"https:\/\/ov-f32.de\/index.php?rest_route=\/wp\/v2\/types\/post"}],"author":[{"embeddable":true,"href":"https:\/\/ov-f32.de\/index.php?rest_route=\/wp\/v2\/users\/1"}],"replies":[{"embeddable":true,"href":"https:\/\/ov-f32.de\/index.php?rest_route=%2Fwp%2Fv2%2Fcomments&post=742"}],"version-history":[{"count":13,"href":"https:\/\/ov-f32.de\/index.php?rest_route=\/wp\/v2\/posts\/742\/revisions"}],"predecessor-version":[{"id":2259,"href":"https:\/\/ov-f32.de\/index.php?rest_route=\/wp\/v2\/posts\/742\/revisions\/2259"}],"wp:attachment":[{"href":"https:\/\/ov-f32.de\/index.php?rest_route=%2Fwp%2Fv2%2Fmedia&parent=742"}],"wp:term":[{"taxonomy":"category","embeddable":true,"href":"https:\/\/ov-f32.de\/index.php?rest_route=%2Fwp%2Fv2%2Fcategories&post=742"},{"taxonomy":"post_tag","embeddable":true,"href":"https:\/\/ov-f32.de\/index.php?rest_route=%2Fwp%2Fv2%2Ftags&post=742"}],"curies":[{"name":"wp","href":"https:\/\/api.w.org\/{rel}","templated":true}]}}